{
    "id": 3324,
    "date": "2024-03-26T21:27:13",
    "date_gmt": "2024-03-26T20:27:13",
    "guid": {
        "rendered": "http:\/\/mamasherpas.care\/?page_id=3324"
    },
    "modified": "2024-05-20T20:23:37",
    "modified_gmt": "2024-05-20T19:23:37",
    "slug": "terms",
    "status": "publish",
    "type": "page",
    "link": "https:\/\/mamasherpas.care\/en\/terms\/",
    "title": {
        "rendered": "Terms and Conditions"
    },
    "content": {
        "rendered": "<div data-elementor-type=\"wp-page\" data-elementor-id=\"3324\" class=\"elementor elementor-3324\" data-elementor-post-type=\"page\">\n\t\t\t\t\t\t<section class=\"elementor-section elementor-top-section elementor-element elementor-element-21a5bf09 elementor-section-boxed elementor-section-height-default elementor-section-height-default\" data-id=\"21a5bf09\" data-element_type=\"section\" data-e-type=\"section\" data-settings=\"{&quot;background_background&quot;:&quot;classic&quot;}\">\n\t\t\t\t\t\t\t<div class=\"elementor-background-overlay\"><\/div>\n\t\t\t\t\t\t\t<div class=\"elementor-container elementor-column-gap-default\">\n\t\t\t\t\t<div class=\"elementor-column elementor-col-100 elementor-top-column elementor-element elementor-element-182c67cb\" data-id=\"182c67cb\" data-element_type=\"column\" data-e-type=\"column\">\n\t\t\t<div class=\"elementor-widget-wrap elementor-element-populated\">\n\t\t\t\t\t\t<div class=\"elementor-element elementor-element-66e7f525 de_scroll_animation_no elementor-invisible elementor-widget elementor-widget-elementskit-heading\" data-id=\"66e7f525\" data-element_type=\"widget\" data-e-type=\"widget\" data-settings=\"{&quot;_animation&quot;:&quot;fadeInUp&quot;}\" data-widget_type=\"elementskit-heading.default\">\n\t\t\t\t<div class=\"elementor-widget-container\">\n\t\t\t\t\t<div class=\"ekit-wid-con\" ><div class=\"ekit-heading elementskit-section-title-wraper text_center   ekit_heading_tablet-   ekit_heading_mobile-\"><h3 class=\"elementskit-section-subtitle\">\n\t\t\t\t\t\tmamasherpas\n\t\t\t\t\t<\/h3><h2 class=\"ekit-heading--title elementskit-section-title\">Terms and Conditions<\/h2><div class=\"ekit_heading_separetor_wraper ekit_heading_elementskit-border-divider elementskit-style-long\"><div class=\"elementskit-border-divider elementskit-style-long\"><\/div><\/div><\/div><\/div>\t\t\t\t<\/div>\n\t\t\t\t<\/div>\n\t\t\t\t\t<\/div>\n\t\t<\/div>\n\t\t\t\t\t<\/div>\n\t\t<\/section>\n\t\t\t\t<section class=\"elementor-section elementor-top-section elementor-element elementor-element-e1eaabf elementor-section-boxed elementor-section-height-default elementor-section-height-default\" data-id=\"e1eaabf\" data-element_type=\"section\" data-e-type=\"section\">\n\t\t\t\t\t\t<div class=\"elementor-container elementor-column-gap-default\">\n\t\t\t\t\t<div class=\"elementor-column elementor-col-100 elementor-top-column elementor-element elementor-element-f859a5d\" data-id=\"f859a5d\" data-element_type=\"column\" data-e-type=\"column\">\n\t\t\t<div class=\"elementor-widget-wrap elementor-element-populated\">\n\t\t\t\t\t\t<div class=\"elementor-element elementor-element-f7b8418 de_scroll_animation_no elementor-widget elementor-widget-text-editor\" data-id=\"f7b8418\" data-element_type=\"widget\" data-e-type=\"widget\" data-widget_type=\"text-editor.default\">\n\t\t\t\t<div class=\"elementor-widget-container\">\n\t\t\t\t\t\t\t\t\t<p><strong>\u00c1ltal\u00e1nos Szerz\u0151d\u00e9si Felt\u00e9telek \u00e9s Adatv\u00e9delmi Szab\u00e1lyzat a mamasherpas.care weboldalhoz<\/strong><\/p><p>\u00c1ltal\u00e1nos Szerz\u0151d\u00e9si Felt\u00e9telek<\/p><p>Bevezet\u00e9s<\/p><p>Ki a mamasherpas.care (Tov\u00e1bbiakban: platform) tulajdonosa \u00e9s \u00fczemeltet\u0151je?<\/p><p>\u00a0<\/p><p>Tulajdonos neve: Kinga Recset\u00e1r-Maioli Kinga EV<\/p><p>(Tov\u00e1bbiakban: \u2019SZOLG\u00c1LTAT\u00d3\u2019)<\/p><p>C\u00edm: 1094 Budapest, Bokr\u00e9ta utca 20-22. A l\u00e9pcs\u0151h\u00e1z IV\/9.<\/p><p>Regisztr\u00e1ci\u00f3s sz\u00e1m: 56099137<\/p><p>Ad\u00f3sz\u00e1m: 57468477-1-43<\/p><p>E-mail: contact@mamasherpas.care<\/p><p>\u00a0<\/p><p>Mikor alkalmazand\u00f3k az \u00c1SZFF felt\u00e9telei?<\/p><p>\u00a0<\/p><p>A platform haszn\u00e1lata: A jelen \u00c1SZFF a mamasherpas.care weboldal (tov\u00e1bbiakban \u2018PLATFORM\u2019) b\u00e1rmilyen t\u00edpus\u00fa \u00e9s tartalm\u00fa haszn\u00e1lat\u00e1ra vonatkoznak.<\/p><p>\u00a0<\/p><p>Megrendel\u00e9s: Tov\u00e1bb\u00e1, ezt az \u00c1SZFF-t alkalmazni kell minden olyan ad\u00e1sv\u00e9teli szerz\u0151d\u00e9sre, amelyet a SZOLG\u00c1LTAT\u00d3 harmadik f\u00e9llel (tov\u00e1bbiakban \u2018Megrendel\u0151\u2019) k\u00f6t a PLATFORM-on kereszt\u00fcl megv\u00e1s\u00e1rolt Term\u00e9kek \u00e9s kapcsol\u00f3d\u00f3 szolg\u00e1ltat\u00e1sok (tov\u00e1bbiakban \u2018Term\u00e9k\u2019) elad\u00e1s\u00e1val kapcsolatban.<\/p><p>\u00a0<\/p><p>Megrendel\u0151k tudom\u00e1sul veszik, hogy a PLATFORM b\u00e1rmilyen m\u00e9rt\u00e9k\u0171 haszn\u00e1lat\u00e1hoz k\u00f6telesek megismerni, meg\u00e9rteni \u00e9s elfogadni a jelen dokumentumban lefektetett felt\u00e9teleket, amelyek ezt k\u00f6vet\u0151en automatikusan alkalmazand\u00f3k a jogviszony teljes id\u0151tartama alatt. A jelen \u00c1SZFF megfelel\u0151en alkalmazand\u00f3 a PLATFORM-mal b\u00e1rmilyen m\u00f3don kapcsolatba (jogviszonyba) ker\u00fcl\u0151 term\u00e9szetes \u00e9s jogi szem\u00e9lyekre egyar\u00e1nt, figyelemmel az adott szolg\u00e1ltat\u00e1s jelleg\u00e9re \u00e9s felt\u00e9teleire.<\/p><p>\u00a0<\/p><p>Mindazon\u00e1ltal a SZOLG\u00c1LTAT\u00d3 nem k\u00f6teles vizsg\u00e1lni sem a Felhaszn\u00e1l\u00f3k, sem a Megrendel\u0151k \u00e1ltal megadott adatok, inform\u00e1ci\u00f3k val\u00f3ss\u00e1g\u00e1t, \u00edgy semmilyen felel\u0151ss\u00e9g nem terheli az ebb\u0151l fakad\u00f3 k\u00e1rok tekintet\u00e9ben sem a Felhaszn\u00e1l\u00f3k, sem a Megrendel\u0151k, sem harmadik szem\u00e9lyekkel szemben. Tov\u00e1bb\u00e1, amennyiben megrendel\u00e9sre ker\u00fcl sor, \u00e9s a d\u00edj megfizet\u00e9se teljes\u00fclt, \u00fagy SZOLG\u00c1LTAT\u00d3 nem k\u00f6teles ellen\u0151rizni azt, hogy a megrendel\u00e9st v\u00e9gz\u0151 szem\u00e9ly jogosult-e Megrendel\u0151 k\u00e9pviselet\u00e9ben fell\u00e9pni, az \u0151 nev\u00e9ben fizet\u00e9si k\u00f6telezetts\u00e9get v\u00e1llalni \u00e9s teljes\u00edteni. K\u00f6vetkez\u00e9sk\u00e9ppen, a megrendel\u00e9st v\u00e9gz\u0151 szem\u00e9ly felel\u0151ss\u00e9ge az ezzel kapcsolatban felmer\u00fcl\u0151 k\u00e1rokkal kapcsolatos helyt\u00e1ll\u00e1s.<\/p><p>Javasolt, hogy Megrendel\u0151 a k\u00e9s\u0151bbi vit\u00e1s helyzetek eset\u00e9re a jelen \u00c1SZFF felt\u00e9teleit a megrendel\u00e9skori \u00e1llapot\u00e1ban egy p\u00e9ld\u00e1nyban saj\u00e1t r\u00e9szre elmentse. Abban az esetben, ha az \u00c1SZFF-fel kapcsolatban k\u00e9rd\u00e9se mer\u00fclne fel, Megrendel\u0151nek lehet\u0151s\u00e9ge van azt jelezni az contact@mamasherpas.care email c\u00edmen.<\/p><p>A jelen \u00c1SZFF nyelve a magyar, az ir\u00e1nyad\u00f3 jog a magyar jog.<\/p><p>Ki \u00e9rt\u00e9kes\u00edti a Term\u00e9ket?<\/p><p>A PLATFORMON tal\u00e1lhat\u00f3 Term\u00e9kek a SZOLG\u00c1LTAT\u00d3, illetve a SZOLG\u00c1LTAT\u00d3VAL egy\u00fcttm\u0171k\u00f6d\u00e9si viszonyban \u00e1ll\u00f3 egy\u00e9ni v\u00e1llalkoz\u00f3k\u00e9nt tev\u00e9kenyked\u0151 oktat\u00f3k\u00e9 (Tov\u00e1bbiakban: SHERPA), \u00edgy el\u0151fordulhat, hogy egyes term\u00e9kek m\u00e1s online vagy b\u00e1rmely egy\u00e9b nem szem\u00e9lyes csatorn\u00e1n, p\u00e9ld\u00e1ul telefonon vagy emailben is \u00e9rt\u00e9kes\u00edt\u00e9sre ker\u00fclnek.<\/p><p>Fogalmak<\/p><p>Megrendel\u0151: A SZOLG\u00c1LTAT\u00d3-val szerz\u0151d\u00e9ses jogviszonyba ker\u00fcl\u0151 F\u00e9l, aki a Term\u00e9ket megrendeli, \u00e9s a kapcsol\u00f3d\u00f3 dokumentumokat, k\u00fcl\u00f6n\u00f6sen a jelen \u00c1SZFF-et \u00e9s az Adatv\u00e9delmi T\u00e1j\u00e9koztat\u00f3t megismeri \u00e9s elfogadja. B\u00e1rmely 18. \u00e9let\u00e9v\u00e9t bet\u00f6lt\u00f6tt term\u00e9szetes szem\u00e9ly, jogszer\u0171en l\u00e9trehozott \u00e9s m\u0171k\u00f6d\u0151 jogi szem\u00e9ly vagy egy\u00e9b szervezet jogosult megrendel\u00e9s\u00e9t leadni a PLATFORM-on kereszt\u00fcl.<\/p><p>Megrendel\u00e9s lead\u00e1s\u00e1hoz nem k\u00f6telez\u0151 el\u0151zetesen a PLATFORM-on regisztr\u00e1lni, ebben az esetben a felhaszn\u00e1l\u00f3i fi\u00f3kot a PLATFORM hozza l\u00e9tre automatikusan.<\/p><p>Elektronikus Megrendel\u0151lap: A Term\u00e9kek a PLATFORMON a SHERP\u00c1K-hoz vannak rendelve, \u00edgy a megrendel\u00e9s k\u00f6vzetlen\u00fcl a term\u00e9k szellemi tulajdonos\u00e1hoz \u00e9rkezik, a SZOLG\u00c1LTAT\u00d3 nem v\u00e1llal k\u00f6zvet\u00edt\u0151i szerepet, az \u00e9rt\u00e9kes\u00edt\u00e9s direkt m\u00f3don t\u00f6rt\u00e9nik. A szerz\u0151d\u0151 Megrendel\u0151 \u00e1ltal kit\u00f6lt\u00f6tt (elektronikus) dokumentum, amelyen kereszt\u00fcl a v\u00e1s\u00e1rl\u00e1si sz\u00e1nd\u00e9k\u00e1t juttatja \u00e9rv\u00e9nyre, \u00e9s amely a jelen \u00c1SZFF-ben nem szab\u00e1lyozott k\u00e9rd\u00e9seket rendezi, k\u00fcl\u00f6n\u00f6sen a Felek \u00e1ltal v\u00e1llalt szolg\u00e1ltat\u00e1sok, k\u00f6telezetts\u00e9gek pontos tartalm\u00e1t. Felek (Megrendel\u0151 \u00e9s SHERPA) az Elektronikus Megrendel\u0151lap kit\u00f6lt\u00e9s\u00e9vel \u00e9s elk\u00fcld\u00e9s\u00e9vel j\u00e1r\u00f3 k\u00f6telezetts\u00e9get a szerz\u0151d\u00e9s megk\u00f6t\u00e9sek\u00e9nt \u00e9rtelmezik, amely a megrendel\u00e9s teljes\u00edt\u00e9s\u00e9nek k\u00f6telezetts\u00e9g\u00e9t is jelenti mindk\u00e9t F\u00e9l oldal\u00e1n, a sikeres fizet\u00e9st k\u00f6vet\u0151en.<\/p><p>\u00a0<\/p><p>F\u00e9l vagy Felek: SZOLG\u00c1LTAT\u00d3, Sherpa, Felhaszn\u00e1l\u00f3k, Megrendel\u0151k, illetve ezek egy\u00fcttesen.<\/p><p>\u00a0<\/p><p>Term\u00e9k: A szerz\u0151d\u00e9s t\u00e1rgya \u2013 a PLATFORM-on megrendelhet\u0151 term\u00e9kek \u00e9s szolg\u00e1ltat\u00e1sok.<\/p><p>\u00a0<\/p><p>PLATFORM: http:\/\/mamasherpas.care URL alatt el\u00e9rhet\u0151 weboldal:<\/p><p>\u00a0<\/p><p>Felhaszn\u00e1l\u00f3: Az a szem\u00e9ly, aki a PLATFORM-ot l\u00e1togatja, vagy b\u00e1rmilyen c\u00e9lra haszn\u00e1lja megrendel\u00e9s lead\u00e1s\u00e1n k\u00edv\u00fcl.<\/p><p>\u00a0<\/p><p>A Megrendel\u00e9s \u00e9s a Fizet\u00e9s Menete<\/p><p>Milyen term\u00e9kek \u00e9s szolg\u00e1ltat\u00e1sok k\u00f6z\u00fcl v\u00e1laszthatok?<\/p><p>SZOLG\u00c1LTAT\u00d3 az aktu\u00e1lisan el\u00e9rhet\u0151 Term\u00e9kekr\u0151l a PLATFORM-on folyamatosan friss\u00fcl\u0151 t\u00e1j\u00e9koztat\u00e1st ny\u00fajt. Az egyes Term\u00e9kek oldal\u00e1n megtal\u00e1lhat\u00f3 inform\u00e1ci\u00f3k \u00e9s felt\u00e9telek t\u00e1j\u00e9koztat\u00f3 jelleg\u0171ek.<\/p><p>A Term\u00e9kek az al\u00e1bbi f\u0151 kateg\u00f3ri\u00e1kba sorolhat\u00f3ak:<\/p><p>Online tanfolyam: Egyszeri megrendel\u00e9st \u00e9s fizet\u00e9st k\u00f6vet\u0151en a Megrendel\u0151 a SZOLG\u00c1LTAT\u00d3 PLATFORM-j\u00e1n meghat\u00e1rozott \u00edr\u00e1sos, video \u00e9s audio anyagokhoz f\u00e9r hozz\u00e1, amelyek a k\u00fcl\u00f6nb\u00f6z\u0151 SHERPA egy\u00fcttm\u0171k\u00f6d\u0151k \u00e1ll\u00edtottak el\u0151.<\/p><p>Helysz\u00edni tanfolyamok \u00e9s workshopok: Egyszeri megrendel\u00e9st \u00e9s fizet\u00e9st k\u00f6vet\u0151en a Megrendel\u0151 a helysz\u00edni tanfolyamokon \u00e9s workshopokon vehet r\u00e9szt, a SZOLG\u00c1LTAT\u00d3, vagy SHERPA \u00e1ltal meghat\u00e1rozott id\u0151pontban \u00e9s helysz\u00ednen.<\/p><p>Hogyan tudok rendelni?<\/p><p>A Megrendel\u0151 a v\u00e1s\u00e1rl\u00e1si sz\u00e1nd\u00e9k\u00e1t a PLATFORM-on kereszt\u00fcl, az Elektronikus Megrendel\u0151lap v\u00e9gleges\u00edt\u00e9s\u00e9vel fejezheti ki. Az Elektronikus Megrendel\u0151lap tartalmazza a meg\u00e1llapod\u00e1sra vonatkoz\u00f3 \u00f6sszes k\u00f6telez\u0151 tartalmi elemet. A Megrendel\u0151 kiz\u00e1r\u00f3lagos d\u00f6nt\u00e9si jogk\u00f6r\u00e9be tartozik, hogy a Term\u00e9ket megv\u00e1s\u00e1rolja.<\/p><p>\u00a0<\/p><p>A SZOLG\u00c1LTAT\u00d3 a jelen \u00c1SZFF-en kereszt\u00fcl t\u00e1j\u00e9koztatja az Megrendel\u0151t a t\u00e1voll\u00e9v\u0151k k\u00f6z\u00f6tt l\u00e9trej\u00f6tt szerz\u0151d\u00e9ssel kapcsolatos k\u00f6vetelm\u00e9nyek betart\u00e1s\u00e1r\u00f3l. A megrendel\u00e9s \u00e9s a d\u00edj megfizet\u00e9se a jelen \u00c1SZFF \u00e9s az Adatv\u00e9delmi T\u00e1j\u00e9koztat\u00f3 egyidej\u0171 elolvas\u00e1s\u00e1val, megismer\u00e9s\u00e9vel \u00e9s elfogad\u00e1s\u00e1val v\u00e1lik v\u00e9glegess\u00e9, k\u00fcl\u00f6n\u00f6s tekintettel Megrendel\u0151re vonatkoz\u00f3 jogokra \u00e9s k\u00f6telezetts\u00e9gekre.<\/p><p>\u00a0<\/p><p>A megrendelni k\u00edv\u00e1nt Term\u00e9k darabsz\u00e1ma az Elektronikus Megrendel\u0151lapon, illetve a \u2018Kos\u00e1rban\u2019 l\u00e1that\u00f3, amely a v\u00e9gleges\u00edt\u00e9st megel\u0151z\u0151en \u00e9rhet\u0151 el, mint \u00e1tmeneti t\u00e1rhely. A Kos\u00e1r tartalma a megrendel\u00e9s elk\u00fcld\u00e9se el\u0151tt b\u00e1rmikor m\u00f3dos\u00edthat\u00f3.<\/p><p>\u00a0<\/p><p>Miut\u00e1n Megrendel\u0151 a megrendelni k\u00edv\u00e1nt Term\u00e9keket a Term\u00e9k adatlapj\u00e1n a megfelel\u0151 gombra kattintva a Kos\u00e1rban elhelyezte, a Kos\u00e1r ikonra kattintva \u00e9rheti el az oda helyezett \u00f6sszes Term\u00e9ket kilist\u00e1zva. B\u00e1rmely Megrendel\u0151 el\u0151zetesen regisztr\u00e1lt fi\u00f3k n\u00e9lk\u00fcli v\u00e1s\u00e1rl\u00e1s eset\u00e9n (azaz v\u00e1s\u00e1rl\u00e1s vend\u00e9gk\u00e9nt) k\u00f6teles kit\u00f6lteni az Elektronikus Megrendel\u0151lap minden k\u00f6telez\u0151 adatmez\u0151j\u00e9t, ide\u00e9rtve a sz\u00e1ml\u00e1z\u00e1si \u00e9s a sz\u00e1ll\u00edt\u00e1si c\u00edmet, \u00e9s minden egy\u00e9b relev\u00e1ns inform\u00e1ci\u00f3t, amelyet k\u00f6vet\u0151en Megrendel\u0151 r\u00e9sz\u00e9re SZOLG\u00c1LTAT\u00d3 automatikusan felhaszn\u00e1l\u00f3i fi\u00f3kot hoz l\u00e9tre. Megrendel\u0151 az adatmez\u0151k kit\u00f6lt\u00e9s\u00e9t k\u00f6vet\u0151en k\u00f6teles ellen\u0151rizni, hogy az adatok val\u00f3sak \u00e9s megfelel\u0151ek, sz\u00fcks\u00e9ges-e rajtuk v\u00e1ltoztatni, majd ezt k\u00f6vet\u0151en az \u2018Megrendel\u00e9s\u2019 (vagy azzal azonos jelent\u00e9s\u0171) gombra kattintva a megrendel\u00e9st elektronikus form\u00e1ban elk\u00fcldeni. Minden elk\u00fcld\u00f6tt megrendel\u00e9s egyben fizet\u00e9si k\u00f6telezetts\u00e9ggel j\u00e1r\u00f3 nyilatkozat is. Megrendel\u0151 tudom\u00e1sul veszi, hogy a megrendel\u00e9s elk\u00fcld\u00e9s\u00e9vel mag\u00e1ra n\u00e9zve k\u00f6telez\u0151 erej\u0171nek ismer el minden, a jelen \u00c1SZFF-ben tal\u00e1lhat\u00f3 felt\u00e9telt, illetve, hogy a megrendel\u00e9s elk\u00fcld\u00e9se fizet\u00e9si k\u00f6telezetts\u00e9get von maga ut\u00e1n.<\/p><p>Sikeres fizet\u00e9s eset\u00e9n SZOLG\u00c1LTAT\u00d3 \/ SHERPA elektronikus visszaigazol\u00e1st k\u00fcld Megrendel\u0151 r\u00e9sz\u00e9re, az \u00e1ltala el\u0151zetesen megadott email c\u00edmre.<\/p><p>A SZOLG\u00c1LTAT\u00d3 \/ SHERPA a Megrendel\u0151 aj\u00e1nlat\u00e1nak elk\u00fcld\u00e9s\u00e9t k\u00f6vet\u0151 munkanap sor\u00e1n, de legk\u00e9s\u0151bb az elk\u00fcld\u00e9st\u0151l sz\u00e1m\u00edtott 48 \u00f3r\u00e1n bel\u00fcl visszaigazolja a Megrendel\u0151 megrendel\u00e9s\u00e9t. Amennyiben Megrendel\u0151 a meger\u0151s\u00edt\u0151 emailt nem kapja meg a rendel\u00e9s elk\u00fcld\u00e9s\u00e9t k\u00f6vet\u0151 48 \u00f3r\u00e1n bel\u00fcl, \u00fagy Megrendel\u0151 saj\u00e1t d\u00f6nt\u00e9se alapj\u00e1n el\u00e1llhat a megrendel\u00e9st\u0151l, \u00e9s mentes\u00fcl a fizet\u00e9si k\u00f6telezetts\u00e9g al\u00f3l.<\/p><p>SZOLG\u00c1LTAT\u00d3 \/ SHERPA k\u00f6teles a megrendel\u00e9st befogadni \u00e9s teljes\u00edteni, amennyiben a Megrendel\u0151 rendelkez\u00e9s\u00e9re bocs\u00e1tott minden sz\u00fcks\u00e9ges adatot, amely adatok helyesek, pontosak \u00e9s megfelelnek a val\u00f3s\u00e1gnak. Hib\u00e1san, hi\u00e1nyosan vagy pontatlanul megadott sz\u00e1ml\u00e1z\u00e1si adatok miatt keletkez\u0151 k\u00f6lts\u00e9gek a Megrendel\u0151t terhelik, az okozott k\u00e1r\u00e9rt a Megrendel\u0151 felel. A nyilv\u00e1nval\u00f3an val\u00f3tlan tartalm\u00fa regisztr\u00e1ci\u00f3 \u00e9s\/vagy rendel\u00e9s t\u00f6rl\u00e9sre ker\u00fcl.<\/p><p>\u00a0<\/p><p>A szerz\u0151d\u00e9s akkor j\u00f6n l\u00e9tre, amikor SZOLG\u00c1LTAT\u00d3 \/ SHERPA \u00e1ltal k\u00fcld\u00f6tt visszaigazol\u00f3 email a Megrendel\u0151 sz\u00e1m\u00e1ra a levelez\u0151rendszer\u00e9ben hozz\u00e1f\u00e9rhet\u0151v\u00e9 v\u00e1lik.<\/p><p>\u00a0<\/p><p>SZOLG\u00c1LTAT\u00d3 \/ SHERPA kiz\u00e1r\u00f3lagos d\u00f6nt\u00e9se alapj\u00e1n kedvezm\u00e9nyre jogos\u00edt\u00f3 kuponk\u00f3dot bocs\u00e1that a Megrendel\u0151 rendelkez\u00e9s\u00e9re, ebben az esetben a kuponk\u00f3dot a Megrendel\u00e9s v\u00e9gleges\u00edt\u00e9se el\u0151tt sz\u00fcks\u00e9ges az erre kijel\u00f6lt adatmez\u0151be be\u00edrni. Ennek hi\u00e1ny\u00e1ban SZOLG\u00c1LTAT\u00d3 \/ SHERPA ut\u00f3lag a kuponk\u00f3d elfogad\u00e1s\u00e1t garant\u00e1lni nem tudja.<\/p><p>\u00a0<\/p><p>Hogyan \u00e9s kinek fizethetek?<\/p><p>\u00a0<\/p><p>A megrendel\u00e9sre vonatkoz\u00f3 szerz\u0151d\u00e9s a SHERPA \u00e9s a Megrendel\u0151 k\u00f6z\u00f6tt j\u00f6n l\u00e9tre, \u00edgy a megrendel\u00e9s \u00f6sszege is a SHERPA-nak fizetend\u0151.<\/p><p>\u00a0<\/p><p>Az al\u00e1bbi fizet\u00e9si m\u00f3dokra van lehet\u0151s\u00e9g:<\/p><p>\u00a0<\/p><p>Fizet\u00e9s PayPal vagy bankk\u00e1rty\u00e1val online (jelenleg m\u00e1s opci\u00f3 nem el\u00e9rhet\u0151)<\/p><p>Online bankk\u00e1rty\u00e1s fizet\u00e9s eset\u00e9n Megrendel\u0151 a PayPal fizet\u00e9si fel\u00fclet\u00e9n egyenl\u00edtheti ki a megrendel\u00e9s \u00f6sszeg\u00e9t PayPal accounton, vagy bankk\u00e1rty\u00e1n kereszt\u00fcl. A fel\u00fclet a www.paypal.com oldalon tal\u00e1lhat\u00f3, ahova Megrendel\u0151t a PLATFORM automatikusan navig\u00e1lja. A PayPal saj\u00e1t felt\u00e9teleir\u0151l b\u0151vebben itt t\u00e1j\u00e9koz\u00f3dhat: https:\/\/www.paypal.com\/us\/legalhub\/useragreement-full<\/p><p>\u00a0<\/p><p>Megrendel\u0151 k\u00f6teles tudom\u00e1sul venni \u00e9s elfogadni a fent hivatkozott felt\u00e9teleket. Tov\u00e1bb\u00e1, a fizet\u00e9si gombra kattintva elfogadja, hogy a SZOLG\u00c1LTAT\u00d3 \/ SHERPA a fizet\u00e9shez sz\u00fcks\u00e9ges adatokat a PayPal r\u00e9sz\u00e9re tov\u00e1bb\u00edtja. A tov\u00e1bb\u00edtott adatok a k\u00f6vetkez\u0151k: ut\u00f3n\u00e9v, vezet\u00e9kn\u00e9v, orsz\u00e1g, telefonsz\u00e1m (amennyiben megad\u00e1sra ker\u00fclt), email c\u00edm. A tov\u00e1bbk\u00fcld\u00e9s c\u00e9lja: a tranzakci\u00f3 lebonyol\u00edt\u00e1sa \u00e9s a vissza\u00e9l\u00e9sek megel\u0151z\u00e9se.<\/p><p>\u00a0<\/p><p>SZOLG\u00c1LTAT\u00d3 \/ SHERPA nem f\u00e9r hozz\u00e1 Megrendel\u0151 bankk\u00e1rtya adataihoz, ezen adatok nem ker\u00fclnek t\u00e1rol\u00e1sra.<\/p><p>\u00a0<\/p><p>A bankk\u00e1rty\u00e1s fizet\u00e9ssel j\u00e1r\u00f3 j\u00e1rul\u00e9kos k\u00f6lts\u00e9gek Megrendel\u0151 bankj\u00e1nak d\u00f6nt\u00e9se alapj\u00e1n v\u00e1ltozhatnak, amely k\u00f6lts\u00e9gekkel kapcsolatban SZOLG\u00c1LTAT\u00d3 \/ SHERPA felel\u0151ss\u00e9ggel nem tartozik.<\/p><p>\u00a0<\/p><p>Mit kell tudnom az \u00e1rakr\u00f3l \u00e9s az ad\u00f3kr\u00f3l?<\/p><p>\u00a0<\/p><p>Az \u00e1rak magyar forintban ker\u00fclnek felt\u00fcntet\u00e9sre.<\/p><p>\u00a0<\/p><p>Ad\u00f3k<\/p><p>\u00a0<\/p><p>A felt\u00fcntetett \u00e1rak brutt\u00f3 \u00e1rak, amelyek tartalmazz\u00e1k az \u00c1f\u00e1t.<\/p><p>\u00a0<\/p><p>Amennyiben ezen fel\u00fcl tov\u00e1bbi, a Megrendel\u0151 kisz\u00e1ll\u00edt\u00e1si\/sz\u00e1ml\u00e1z\u00e1si c\u00edm\u00e9hez vagy bankj\u00e1hoz k\u00f6thet\u0151 ad\u00f3k, tranzakci\u00f3s k\u00f6lts\u00e9gek vagy egy\u00e9b monet\u00e1ris k\u00f6lts\u00e9gek mer\u00fcln\u00e9nek fel, \u00fagy azokat Megrendel\u0151 k\u00f6teles viselni.<\/p><p>\u00a0<\/p><p>Kedvezm\u00e9nyes aj\u00e1nlatok<\/p><p>\u00a0<\/p><p>SZOLG\u00c1LTAT\u00d3 \/ SHERPA v\u00e1laszt\u00e1sa szerint kedvezm\u00e9nyeket k\u00edn\u00e1lhat, amely kedvezm\u00e9nyeket a Term\u00e9k adatlapj\u00e1n, az \u00e1rn\u00e1l t\u00fcnteti fel. A SZOLG\u00c1LTAT\u00d3 \/ SHERPA a kedvezm\u00e9nyeket jogosult minden esetben egyedileg kialak\u00edtani, m\u00f3dos\u00edtani vagy visszavonni, a Felhaszn\u00e1l\u00f3k el\u0151zetes \u00e9rtes\u00edt\u00e9se n\u00e9lk\u00fcl.<\/p><p>\u00a0<\/p><p>Nyilv\u00e1nval\u00f3an hib\u00e1s \u00e1r<\/p><p>\u00a0<\/p><p>Nyilv\u00e1nval\u00f3an hib\u00e1san felt\u00fcntetett \u00e1rnak min\u0151s\u00fcl:<\/p><p>\u00a0<\/p><p>0 Ft-os \u00e1r (nem ingyenesen el\u00e9rhet\u0151 term\u00e9k eset\u00e9ben),<\/p><p>kedvezm\u00e9nnyel cs\u00f6kkentett, de a kedvezm\u00e9nyt t\u00e9vesen felt\u00fcntet\u0151 \u00e1r (a sz\u00e1zal\u00e9kos m\u00e9rt\u00e9k az ir\u00e1nyad\u00f3)<\/p><p>Hib\u00e1s \u00e1ron megrendelt Term\u00e9kek eset\u00e9n SZOLG\u00c1LTAT\u00d3 \/ SHERPA felaj\u00e1nlja a Term\u00e9k val\u00f3s \u00e1ron t\u00f6rt\u00e9n\u0151 megv\u00e1s\u00e1rl\u00e1s\u00e1nak lehet\u0151s\u00e9g\u00e9t, amely alapj\u00e1n a Megrendel\u0151nek lehet\u0151s\u00e9ge van eld\u00f6nteni, hogy megrendeli-e val\u00f3s \u00e1ron a Term\u00e9ket vagy lemondja a megrendel\u00e9st.<\/p><p>\u00a0<\/p><p>Az \u00e1rakat SZOLG\u00c1LTAT\u00d3 \/ SHERPA b\u00e1rmikor egyoldal\u00faan v\u00e1ltoztathatja. Az \u00faj \u00e1r a PLATFORM-on val\u00f3 megjelen\u00e9sekor v\u00e1lik \u00e9rv\u00e9nyess\u00e9, \u00e9s nem befoly\u00e1solja a m\u00e1r elk\u00fcld\u00f6tt megrendel\u00e9sek \u00e1rait.<\/p><p>\u00a0<\/p><p>Minden inform\u00e1ci\u00f3nak, amelyet a Megrendel\u0151 a megrendel\u00e9ssel, a tranzakci\u00f3val vagy a sz\u00e1ml\u00e1z\u00e1ssal kapcsolatban megad, val\u00f3snak, teljesnek \u00e9s \u00e9rv\u00e9nyesnek kell lennie.<\/p><p>\u00a0<\/p><p>Hogyan kapom meg a sz\u00e1ml\u00e1t?<\/p><p>\u00a0<\/p><p>A sz\u00e1ml\u00e1t a Term\u00e9ket biztos\u00edt\u00f3 SZOLG\u00c1LTAT\u00d3 \/ SHERPA \u00e1ll\u00edtja ki, a sikeres fizet\u00e9st k\u00f6vet\u0151en. Megrendel\u0151h\u00f6z a sz\u00e1mla a megrendel\u00e9s v\u00e9gleges\u00edt\u00e9s\u00e9t\u0151l sz\u00e1m\u00edtott 48 \u00f3r\u00e1n bel\u00fcl \u00e9rkezik meg, emailen kereszt\u00fcl. Megrendel\u0151 k\u00f6teles a SZOLG\u00c1LTAT\u00d3-t \/ SHERPA-t \u00e9rtes\u00edteni, amennyiben a sz\u00e1ml\u00e1t ezen id\u0151n bel\u00fcl nem kapta meg.<\/p><p>\u00a0<\/p><p>SZOLG\u00c1LTAT\u00d3 \/ SHERPA\u00a0 nem k\u00f6teles ut\u00f3lag a ki\u00e1ll\u00edtott sz\u00e1ml\u00e1t jav\u00edtani, kieg\u00e9sz\u00edteni vagy sztorn\u00f3zni, amennyiben az Megrendel\u0151nek felr\u00f3hat\u00f3 okb\u00f3l hib\u00e1s. Megrendel\u0151 kiz\u00e1r\u00f3lagos felel\u0151ss\u00e9ge, hogy a sz\u00e1ml\u00e1z\u00e1si adatok megfelel\u0151ek \u00e9s val\u00f3sak legyenek a megrendel\u00e9s lead\u00e1sakor.<\/p><p>\u00a0<\/p><p>El\u00e1ll\u00e1s \u00e9s visszat\u00e9r\u00edt\u00e9s, szolg\u00e1ltat\u00e1s lemond\u00e1sa<\/p><p>Mit tehetek, ha a v\u00e1s\u00e1rl\u00e1st k\u00f6vet\u0151en meggondoltam magam?<\/p><p>\u00a0<\/p><p>Fogyaszt\u00f3i t\u00e1j\u00e9koztat\u00f3 a 45\/2014. (II. 26.) Korm. rendelet alapj\u00e1n az al\u00e1bbi:<\/p><p>\u00a0<\/p><p>A fogyaszt\u00f3t a 45\/2014. (II. 26.) Korm. rendelet 20. \u00a7 szerint megilleti az indokol\u00e1s n\u00e9lk\u00fcli el\u00e1ll\u00e1s joga.<\/p><p>\u00a0<\/p><p>Fogyaszt\u00f3nak a Ptk. 8:1. \u00a7 1. bekezd\u00e9s 3) pontja szerint csak a szakm\u00e1ja, \u00f6n\u00e1ll\u00f3 foglalkoz\u00e1sa vagy \u00fczleti tev\u00e9kenys\u00e9ge k\u00f6r\u00e9n k\u00edv\u00fcl elj\u00e1r\u00f3 term\u00e9szetes szem\u00e9ly min\u0151s\u00fcl, \u00edgy jogi szem\u00e9lyek vagy \u00f6n\u00e1ll\u00f3 foglalkoz\u00e1sa vagy \u00fczleti tev\u00e9kenys\u00e9ge k\u00f6r\u00e9n bel\u00fcl elj\u00e1r\u00f3 term\u00e9szetes szem\u00e9lyek nem \u00e9lhetnek az indokol\u00e1s n\u00e9lk\u00fcli el\u00e1ll\u00e1si joggal.<\/p><p>\u00a0<\/p><p>SZOLG\u00c1LTAT\u00d3 \/ SHERPA kifejezetten felh\u00edvja a Megrendel\u0151 figyelm\u00e9t, hogy nem gyakorolhatja el\u00e1ll\u00e1si jog\u00e1t a 45\/2014 (II.26.) Korm. Rendelet 29. \u00a7. (1) bekezd\u00e9s\u00e9ben foglalt esetekben:<\/p><p>\u00a0<\/p><ol><li>m) a nem t\u00e1rgyi adathordoz\u00f3n ny\u00fajtott digit\u00e1lis adattartalom tekintet\u00e9ben, ha a v\u00e1llalkoz\u00e1s a fogyaszt\u00f3 kifejezett, el\u0151zetes beleegyez\u00e9s\u00e9vel kezdte meg a teljes\u00edt\u00e9st, \u00e9s a fogyaszt\u00f3 e beleegyez\u00e9s\u00e9vel egyidej\u0171leg nyilatkozott annak tudom\u00e1sul v\u00e9tel\u00e9r\u0151l, hogy a teljes\u00edt\u00e9s megkezd\u00e9s\u00e9t k\u00f6vet\u0151en elvesz\u00edti az el\u00e1ll\u00e1si jog\u00e1t.<\/li><\/ol><p>Ennek megfelel\u0151en Megrendel\u0151nek el\u00e1ll\u00e1si joga a Term\u00e9kekkel kapcsolatban nem \u00e1ll fenn.<\/p><p>\u00a0<\/p><p>Szellemi alkot\u00e1sokhoz f\u0171z\u0151d\u0151 jogok<\/p><p>Kinek a tulajdona a szellemi alkot\u00e1s?<\/p><p>\u00a0<\/p><p>Term\u00e9k<\/p><p>\u00a0<\/p><p>A SZOLG\u00c1LTAT\u00d3 \/ SHERPA az \u00e1ltala k\u00edn\u00e1lt Term\u00e9kek szellemi tulajdonjogainak kiz\u00e1r\u00f3lagos tulajdonosa, \u00edgy birtokolja az \u00f6sszes jogot, c\u00edmet, tal\u00e1lm\u00e1nyt, formatervez\u00e9st, \u00f6tletet, felfedez\u00e9st, \u00e9rdekelts\u00e9get, szabadalmat, v\u00e9djegyet, m\u00e1rkanevet, tal\u00e1lm\u00e1nyt, szerz\u0151i jogot, know-how-t \u00e9s \u00fczleti titkot tervez\u00e9shez, felhaszn\u00e1l\u00e1shoz, gy\u00e1rt\u00e1shoz, \u00fczemeltet\u00e9shez vagy ki\u00e1ll\u00edt\u00e1sokhoz, \u00e9s minden egy\u00e9b felhaszn\u00e1l\u00e1shoz.<\/p><p>\u00a0<\/p><p>A PLATFORM-on k\u00f6zz\u00e9tett \u00edr\u00e1sos \u00e9s audio anyagok teljes vagy r\u00e9szleges form\u00e1ban harmadik, nem Megrendel\u0151 f\u00e9llel val\u00f3 megoszt\u00e1sa vagy b\u00e1rmilyen m\u00e1s hasznos\u00edt\u00e1sa (p\u00e9ld\u00e1ul prezent\u00e1ci\u00f3hoz, nyomtatott vagy digit\u00e1lis anyagokhoz, stb.) enged\u00e9lyk\u00f6teles, amellyel kapcsolatban \u00a0\/ SHERPA tud tov\u00e1bbi felvil\u00e1gos\u00edt\u00e1st adni.<\/p><p>\u00a0<\/p><p>PLATFORM<\/p><p>\u00a0<\/p><p>A SZOLG\u00c1LTAT\u00d3 minden jogot fenntart a PLATFORM valamennyi tartalm\u00e1ra vonatkoz\u00f3an. Tilos a PLATFORM tartalm\u00e1t r\u00e9szben vagy eg\u00e9szben let\u00f6lteni, t\u00e1rolni, feldolgozni, m\u00f3dos\u00edtani vagy tov\u00e1bbadni.<\/p><p>\u00a0<\/p><p>Megrendel\u0151k szerezhetnek szellemi alkot\u00e1sokhoz f\u0171z\u0151d\u0151 jogot a SZOLG\u00c1LTAT\u00d3 \/ SHERPA Term\u00e9kein?<\/p><p>\u00a0<\/p><p>Nem. Megrendel\u0151 semmilyen k\u00f6r\u00fclm\u00e9nyek k\u00f6z\u00f6tt nem jogosult enged\u00e9ly n\u00e9lk\u00fcl haszn\u00e1lni a SZOLG\u00c1LTAT\u00d3 v\u00e9djegy\u00e9t, m\u00e1rkanev\u00e9t vagy log\u00f3j\u00e1t.<\/p><p>\u00a0<\/p><p>Szavatoss\u00e1gi jogok, felel\u0151ss\u00e9g \u00e9s korl\u00e1toz\u00e1sok<\/p><p>Mik a Term\u00e9k jellemz\u0151i \u00e9s mi a hib\u00e1s teljes\u00edt\u00e9s?<\/p><p>\u00a0<\/p><p>A Term\u00e9kek jellemz\u0151it \u00e9s tulajdons\u00e1gait az adott Term\u00e9k t\u00e1j\u00e9koztat\u00f3 le\u00edr\u00e1s\u00e1ban vagy adatlapj\u00e1n r\u00e9szletezz\u00fck.<\/p><p>\u00a0<\/p><p>A SZOLG\u00c1LTAT\u00d3 \/ SHERPA v\u00e1llalja, hogy a PLATFORM-on kereszt\u00fcl el\u00e9rhet\u0151 inform\u00e1ci\u00f3kat szisztematikusan friss\u00edti, \u00e9s mindent megtesz annak \u00e9rdek\u00e9ben, hogy a rendelkez\u00e9sre \u00e1ll\u00f3 inform\u00e1ci\u00f3k naprak\u00e9szek \u00e9s helyesek legyenek, de nem tehet\u0151k felel\u0151ss\u00e9 semmilyen hib\u00e1\u00e9rt, sz\u00f6veghib\u00e1\u00e9rt vagy b\u00e1rmilyen m\u00e1s k\u00f6vetkezetlens\u00e9g\u00e9rt.<\/p><p>\u00a0<\/p><p>A digit\u00e1lisan el\u00e9rhet\u0151 Term\u00e9k csak akkor tekinthet\u0151 hib\u00e1snak, ha a Megrendel\u0151 ahhoz technikailag tart\u00f3san nem f\u00e9r hozz\u00e1, illetve a SZOLG\u00c1LTAT\u00d3\/SHERPA \u00e1ltali hibajav\u00edt\u00e1st k\u00f6vet\u0151en sem.<\/p><p>\u00a0<\/p><p>Megrendel\u0151\/Felhaszn\u00e1l\u00f3 szavatoss\u00e1gi nyilatkozatai<\/p><p>\u00a0<\/p><p>Mi\u00e9rt szavatol a Megrendel\u0151?<\/p><p>\u00a0<\/p><p>A Megrendel\u0151 a jelen \u00c1SZFF elfogad\u00e1s\u00e1val teljes k\u00f6r\u0171 k\u00e1rt\u00e9r\u00edt\u00e9si felel\u0151ss\u00e9ge tudat\u00e1ban szavatolja, hogy:<\/p><p>\u00a0<\/p><p>\u00e9rv\u00e9nyesen bejegyzett \u00e9s m\u0171k\u00f6d\u0151 jogi szem\u00e9ly vagy jogi szem\u00e9lyis\u00e9ggel nem rendelkez\u0151 szervezet vagy cselekv\u0151k\u00e9pes, nagykor\u00fa term\u00e9szetes szem\u00e9ly;<\/p><p>elolvasta, meg\u00e9rtette, a jelen \u00c1SZFF tartalm\u00e1t \u00e9s felt\u00e9teleit;<\/p><p>elolvasta \u00e9s meg\u00e9rtette az Adatv\u00e9delmi T\u00e1j\u00e9koztat\u00f3t;<\/p><p>a PLATFORM ig\u00e9nybev\u00e9tele sor\u00e1n felel\u0151ss\u00e9gteljes magatart\u00e1st tan\u00fas\u00edt, \u00e9s m\u00e1s Felhaszn\u00e1l\u00f3kkal szemben j\u00f3hiszem\u0171en, egy\u00fcttm\u0171k\u00f6d\u0151en \u00e9s tiszteletteljesen viselkedik;<\/p><p>k\u00e1rtalan\u00edtja a SZOLG\u00c1LTAT\u00d3-t \/ SHERPA-t harmadik szem\u00e9lyek r\u00e9sz\u00e9r\u0151l felmer\u00fcl\u0151 minden olyan ig\u00e9nnyel szemben, amely a PLATFORM Megrendel\u0151 \u00e1ltali haszn\u00e1lat\u00e1val f\u00fcgg \u00f6ssze vagy abb\u00f3l ered, ide\u00e9rtve b\u00e1rmely term\u00e9szet\u0171 vagy fajt\u00e1j\u00fa k\u00f6vetel\u00e9st, k\u00f6lts\u00e9get, ig\u00e9nyt, hi\u00e1nyt, k\u00e1rt;<\/p><p>\u00e9sszer\u0171 int\u00e9zked\u00e9seket alkalmaz a PLATFORM v\u00e9delme \u00e9rdek\u00e9ben, p\u00e9ld\u00e1ul lehet\u0151leg v\u00edrusirt\u00f3kat \u00e9s \/ vagy t\u0171zfalat haszn\u00e1lva a PLATFORM haszn\u00e1lata k\u00f6zben.<\/p><p>Amennyiben a Megrendel\u0151 b\u00e1rmely szavatoss\u00e1gi nyilatkozata hamisnak bizonyul, \u00fagy az s\u00falyos szerz\u0151d\u00e9sszeg\u00e9snek min\u0151s\u00fcl, \u00e9s a SZOLG\u00c1LTAT\u00d3 \/ SHERPA \u00e1ltal ny\u00fajtott szolg\u00e1ltat\u00e1s azonnali besz\u00fcntet\u00e9s\u00e9t vonhatja maga ut\u00e1n, illet\u0151leg a SZOLG\u00c1LTAT\u00d3 \/ SHERPA az \u00e1ltala legmegfelel\u0151bbnek \u00edt\u00e9lt szankci\u00f3 alkalmaz\u00e1s\u00e1ra jogosult.<\/p><p>\u00a0<\/p><p>Mi\u00e9rt szavatol a Felhaszn\u00e1l\u00f3?<\/p><p>\u00a0<\/p><p>Felhaszn\u00e1l\u00f3k k\u00f6telesek az al\u00e1bbi magatart\u00e1sokt\u00f3l tart\u00f3zkodni:<\/p><p>\u00a0<\/p><p>B\u00e1rmely automatiz\u00e1lt rendszer haszn\u00e1lata, ide\u00e9rtve korl\u00e1toz\u00e1s n\u00e9lk\u00fcl a \u201erobotokat\u201d, \u201ep\u00f3kokat\u201d, \u201eoffline olvas\u00f3kat\u201d stb., A szolg\u00e1ltat\u00e1shoz val\u00f3 hozz\u00e1f\u00e9r\u00e9shez oly m\u00f3don, hogy t\u00f6bb k\u00e9r\u00e9si \u00fczenetet k\u00fcldj\u00f6n a PLATFORM szervereire, mint amennyit egy ember \u00e9sszer\u0171en el\u0151 tud \u00e1ll\u00edtani ugyanabban a szolg\u00e1ltat\u00e1sban \u00e9s ugyanolyan id\u0151tartamban hagyom\u00e1nyos online webb\u00f6ng\u00e9sz\u0151 haszn\u00e1lat\u00e1val;<\/p><p>K\u00eds\u00e9rlet beavatkozni, vesz\u00e9lyeztetni a rendszer integrit\u00e1s\u00e1t vagy biztons\u00e1g\u00e1t, vagy megfejteni a PLATFORM-ot futtat\u00f3 szerverekre ir\u00e1nyul\u00f3 vagy onnan \u00e9rkez\u0151 tov\u00e1bb\u00edt\u00e1sokat;<\/p><p>\u00c9rv\u00e9nytelen adatok, v\u00edrusok, f\u00e9rgek vagy m\u00e1s szoftverek felt\u00f6lt\u00e9se a szolg\u00e1ltat\u00e1sokon kereszt\u00fcl, bele\u00e9rtve b\u00e1rmilyen felhaszn\u00e1l\u00f3i tartalmat is;<\/p><p>Azon int\u00e9zked\u00e9sek megker\u00fcl\u00e9se, amelyeket a SZOLG\u00c1LTAT\u00d3 felhaszn\u00e1lhat a PLATFORM-hoz val\u00f3 hozz\u00e1f\u00e9r\u00e9s megakad\u00e1lyoz\u00e1s\u00e1ra vagy korl\u00e1toz\u00e1s\u00e1ra, bele\u00e9rtve korl\u00e1toz\u00e1s n\u00e9lk\u00fcl azokat a funkci\u00f3kat, amelyek megakad\u00e1lyozz\u00e1k vagy korl\u00e1tozz\u00e1k a tartalom haszn\u00e1lat\u00e1t vagy m\u00e1sol\u00e1s\u00e1t, vagy kik\u00e9nyszer\u00edtik a PLATFORM vagy a tartalom haszn\u00e1lat\u00e1nak korl\u00e1toz\u00e1sait.<\/p><p>SZOLG\u00c1LTAT\u00d3 szavatoss\u00e1gi nyilatkozatai a PLATFORM haszn\u00e1lat\u00e1val kapcsolatban<\/p><p>\u00a0<\/p><p>Mik a SZOLG\u00c1LTAT\u00d3 felel\u0151ss\u00e9g\u00e9nek korl\u00e1tai?<\/p><p>\u00a0<\/p><p>A SZOLG\u00c1LTAT\u00d3 a Felhaszn\u00e1l\u00f3k magatart\u00e1s\u00e1\u00e9rt m\u00e1s Felhaszn\u00e1l\u00f3kkal illetve harmadik szem\u00e9lyekkel szemben semmilyen felel\u0151ss\u00e9ggel, illetve helyt\u00e1ll\u00e1si k\u00f6telezetts\u00e9ggel nem tartozik.<\/p><p>SZOLG\u00c1LTAT\u00d3 a Felhaszn\u00e1l\u00f3k \u00e1ltal helytelen\u00fcl megadott adatokb\u00f3l fakad\u00f3 k\u00e1rok \u00e9s k\u00f6vetkezm\u00e9nyek tekintet\u00e9ben Felhaszn\u00e1l\u00f3kkal, illetve harmadik szem\u00e9lyekkel szemben semmilyen felel\u0151ss\u00e9ggel, illetve helyt\u00e1ll\u00e1si k\u00f6telezetts\u00e9ggel nem tartozik.<\/p><p>SZOLG\u00c1LTAT\u00d3 nem felel\u0151s az olyan k\u00e1rok\u00e9rt, bele\u00e9rtve a sz\u00e1m\u00edt\u00e1stechnikai v\u00edrus okozta k\u00e1rokat, amelyek a Megrendel\u0151 sz\u00e1m\u00edt\u00e1stechnikai berendez\u00e9s\u00e9ben vagy egy\u00e9b tulajdon\u00e1ban \u00e9s tev\u00e9kenys\u00e9ge sor\u00e1n keletkeztek.<\/p><p>SZOLG\u00c1LTAT\u00d3 nem felel\u0151s a Megrendel\u0151 vagy Felhaszn\u00e1l\u00f3 hib\u00e1j\u00e1b\u00f3l bek\u00f6vetkez\u0151 adatveszt\u00e9sb\u0151l, bele\u00e9rtve a szem\u00e9lyes, illetve bizalmas inform\u00e1ci\u00f3k elveszt\u00e9s\u00e9b\u0151l, a Megrendel\u0151\/Felhaszn\u00e1l\u00f3 hardver vagy szoftver rendszer\u00e9nek \u2013 annak eg\u00e9sz\u00e9nek vagy egy r\u00e9sz\u00e9nek \u2013 meghib\u00e1sod\u00e1s\u00e1b\u00f3l, haszn\u00e1lhatatlans\u00e1g\u00e1b\u00f3l ered\u0151 k\u00e1rok\u00e9rt vagy vesztes\u00e9gek\u00e9rt.<\/p><p>SZOLG\u00c1LTAT\u00d3 nem felel\u0151s a SHERPA \u00e9s a Felhaszn\u00e1l\u00f3 k\u00f6z\u00f6tt l\u00e9trej\u00f6tt szerz\u0151d\u00e9s kapcs\u00e1n felmer\u00fcl\u0151 teljes\u00edt\u00e9si k\u00f6telezetts\u00e9gek kapcs\u00e1n. A SZOLG\u00c1LTAT\u00d3 \u00e9s SHERPA viszonya Egy\u00fcttm\u0171k\u00f6d\u00e9si meg\u00e1llapod\u00e1sban r\u00f6gz\u00edtett.<\/p><p>Amennyiben a Megrendel\u0151, vagy a Felhaszn\u00e1l\u00f3k magatart\u00e1sa (ide\u00e9rtve nem kiz\u00e1r\u00f3lagosan az ir\u00e1nyad\u00f3 jogszab\u00e1lyok, hat\u00f3s\u00e1gi el\u0151\u00edr\u00e1sok \u00e9s hat\u00e1rozatok megszeg\u00e9s\u00e9t, nem teljes\u00edt\u00e9s\u00e9t, harmadik szem\u00e9lyek jogainak megs\u00e9rt\u00e9s\u00e9t \u00e9s a Megrendel\u0151\/Felhaszn\u00e1l\u00f3 jelen Szerz\u0151d\u00e9sekben \u00e9s \u00c1SZFF-ben tett b\u00e1rmely k\u00f6telezetts\u00e9gv\u00e1llal\u00e1s\u00e1nak megszeg\u00e9s\u00e9t vagy val\u00f3tlannak bizonyul\u00e1s\u00e1t is) k\u00f6vetkezt\u00e9ben harmadik szem\u00e9ly vagy b\u00e1rmely hat\u00f3s\u00e1g illetve b\u00edr\u00f3s\u00e1g b\u00e1rmilyen ig\u00e9nyt t\u00e1maszt, illetve elj\u00e1r\u00e1st ind\u00edt a SZOLG\u00c1LTAT\u00d3-val szemben, a jogs\u00e9rt\u00e9sek alapj\u00e1n fenn\u00e1ll\u00f3 felel\u0151ss\u00e9g\u00e9rt val\u00f3 helyt\u00e1ll\u00e1s k\u00f6telezetts\u00e9ge kiz\u00e1r\u00f3lag a Megrendel\u0151t terheli. A Megrendel\u0151\/Felhaszn\u00e1l\u00f3 v\u00e1llalja, hogy minden a SZOLG\u00c1LTAT\u00d3 \u00e1ltal k\u00e9rt int\u00e9zked\u00e9st (p\u00e9ld\u00e1ul a vissza\u00e9l\u00e9s\u00e9\u00e9rt vagy a jogs\u00e9rt\u00e9s\u00e9rt felel\u0151ss\u00e9get v\u00e1llal\u00f3 \u00e9s a SZOLG\u00c1LTAT\u00d3 \u00e9rintetlens\u00e9g\u00e9t egy\u00e9rtelm\u0171en tartalmaz\u00f3 nyilv\u00e1nos vagy egy\u00e9b nyilatkozat megt\u00e9tele) megtesz a jogs\u00e9rt\u00e9sekkel \u00e9s a vissza\u00e9l\u00e9sekkel kapcsolatban a SZOLG\u00c1LTAT\u00d3 j\u00f3 h\u00edrnev\u00e9nek meg\u00f3v\u00e1sa \u00e9rdek\u00e9ben (ide\u00e9rtve a jogs\u00e9rt\u00e9s vagy a vissza\u00e9l\u00e9s SZOLG\u00c1LTAT\u00d3 nev\u00e9vel t\u00f6rt\u00e9n\u0151 \u00f6sszef\u00fcgg\u00e9sbe hozatal\u00e1nak elker\u00fcl\u00e9s\u00e9t \u00e9s a SZOLG\u00c1LTAT\u00d3-n\u00e1l az ilyen esem\u00e9nyek k\u00f6vetkezt\u00e9ben keletkez\u0151 k\u00e1rok \u00e9s kock\u00e1zatok megel\u0151z\u00e9se \u00e9s m\u00e9rs\u00e9kl\u00e9se \u00e9rdek\u00e9ben tett int\u00e9zked\u00e9seket).<\/p><p>Vis maior<\/p><p>Vis maiornak min\u0151s\u00fcl minden olyan rendk\u00edv\u00fcli, a szerz\u0151d\u00e9s l\u00e9trej\u00f6tte ut\u00e1n bek\u00f6vetkez\u0151, annak teljes\u00edt\u00e9s\u00e9t lehetetlenn\u00e9 tev\u0151, vagy kir\u00edv\u00f3 m\u00e9rt\u00e9kben akad\u00e1lyoz\u00f3 esem\u00e9ny, amelyet a Felek nem l\u00e1thattak el\u0151re, \u00e9s nem h\u00e1r\u00edthattak el, \u00e9s amely nem vezethet\u0151 vissza egyik F\u00e9lnek felr\u00f3hat\u00f3 magatart\u00e1sra sem. Ilyen esem\u00e9nyek lehetnek k\u00fcl\u00f6n\u00f6sen, de nem kiz\u00e1r\u00f3lagosan: sz\u00fcks\u00e9g\u00e1llapot, sztr\u00e1jk, h\u00e1bor\u00fa, forradalom, terrorista cselekm\u00e9nyek, term\u00e9szeti katasztr\u00f3fa, t\u0171zv\u00e9sz, \u00e1rv\u00edz, j\u00e1rv\u00e1ny, karant\u00e9n korl\u00e1toz\u00e1sok, sz\u00e1ll\u00edt\u00e1si embargo, valamint a sz\u00e1m\u00edt\u00e1stechnikai rendszerekben j\u00e1rtas, \u00fan. \u201chacker\u201d (csoportok) \u00e1ltal megval\u00f3s\u00edtott, c\u00e9lzott t\u00e1mad\u00e1s(ok), amelyek els\u0151dleges c\u00e9lja adatszerz\u00e9s, adatok felhaszn\u00e1l\u00e1sa vagy az azokkal val\u00f3 b\u00e1rmely egy\u00e9b b\u0171ncselekm\u00e9ny megval\u00f3s\u00edt\u00e1sa.<\/p><p>\u00a0<\/p><p>A vis maior k\u00f6r\u00fclm\u00e9nyek mentes\u00edtik a Feleket a Szerz\u0151d\u00e9sek szerinti k\u00f6telezetts\u00e9gek teljes\u00edt\u00e9se al\u00f3l, olyan m\u00e9rt\u00e9kben, amennyire a vis maior esem\u00e9ny az \u00e9rintett Felet g\u00e1tolja a szerz\u0151d\u00e9ses k\u00f6telezetts\u00e9geinek a teljes\u00edt\u00e9s\u00e9ben. A mentes\u00edt\u00e9s kiz\u00e1r\u00f3lag arra az id\u0151re sz\u00f3l, ameddig a sz\u00f3ban forg\u00f3 esem\u00e9ny hat\u00e1sa fenn\u00e1ll.<\/p><p>\u00a0<\/p><p>A vis maior \u00e1ltal \u00e9rintett F\u00e9l halad\u00e9ktalanul, de legk\u00e9s\u0151bb a vis maior k\u00f6r\u00fclm\u00e9nyr\u0151l val\u00f3 tudom\u00e1sszerz\u00e9st, illetve akad\u00e1lyoztat\u00e1sa eset\u00e9n az akad\u00e1ly elh\u00e1rul\u00e1s\u00e1t k\u00f6vet\u0151 5 napon bel\u00fcl k\u00f6teles \u00e9rtes\u00edteni a m\u00e1sik Felet a vis maior k\u00f6r\u00fclm\u00e9ny fenn\u00e1ll\u00e1s\u00e1r\u00f3l, jelleg\u00e9r\u0151l \u00e9s \u2013 amennyiben lehets\u00e9ges \u2013 v\u00e1rhat\u00f3 id\u0151tartam\u00e1r\u00f3l.<\/p><p>\u00a0<\/p><p>A vis maior k\u00f6r\u00fclm\u00e9ny \u00f6nmag\u00e1ban nem mentes\u00edti az azt bejelent\u0151 Felet a Szerz\u0151d\u00e9sek szerint egy\u00e9bk\u00e9nt teljes\u00edtend\u0151 olyan k\u00f6telezetts\u00e9gei al\u00f3l, amelyek a vis maior k\u00f6r\u00fclm\u00e9ny bek\u00f6vetkez\u00e9s\u00e9t megel\u0151z\u0151en m\u00e1r esed\u00e9kesek voltak, illetve amelyek teljes\u00edt\u00e9s\u00e9t a vis maior nem \u00e9rinti.<\/p><p>\u00a0<\/p><p>Panasz\u00fcgyint\u00e9z\u00e9s \u00e9s jog\u00e9rv\u00e9nyes\u00edt\u00e9si lehet\u0151s\u00e9gek<\/p><p>Kit kereshetek a panaszaimmal?<\/p><p>\u00a0<\/p><p>Megrendel\u0151 a megrendel\u00e9ssel kapcsolatos panaszait a contact@mamasherpas.care email c\u00edmre k\u00fcldheti el.<\/p><p>\u00a0<\/p><p>Mi az ir\u00e1nyad\u00f3 jog?<\/p><p>\u00a0<\/p><p>A SZOLG\u00c1LTAT\u00d3 \/ SHERPA t\u00f6rekszik a b\u00e9k\u00e9s \u00faton t\u00f6rt\u00e9n\u0151 vitarendez\u00e9sre, \u00e9s mint ilyen, a Megrendel\u0151 \u00e9s a SZOLG\u00c1LTAT\u00d3 \/ SHERPA mindent megtesz annak \u00e9rdek\u00e9ben, hogy a jelen \u00c1SZFF \u00e9s a meg\u00e1llapod\u00e1s keret\u00e9ben a k\u00f6zt\u00fck felmer\u00fcl\u0151 n\u00e9zetelt\u00e9r\u00e9seket \u00e9s vit\u00e1kat k\u00f6zvetlen konzult\u00e1ci\u00f3k \u00fatj\u00e1n rendezze. A Felek halad\u00e9ktalanul t\u00e1j\u00e9koztatj\u00e1k egym\u00e1st a meg\u00e1llapod\u00e1s megk\u00f6t\u00e9s\u00e9t k\u00f6vet\u0151en bek\u00f6vetkez\u0151 minden olyan k\u00f6r\u00fclm\u00e9nyr\u0151l, amely akad\u00e1lyozza a meg\u00e1llapod\u00e1s teljes\u00edt\u00e9s\u00e9t.<\/p><p>\u00a0<\/p><p>A SZOLG\u00c1LTAT\u00d3 \/ SHERPA m\u0171k\u00f6d\u00e9s\u00e9re \u00e9s a jelen \u00c1SZFF hat\u00e1lya al\u00e1 tartoz\u00f3 k\u00e9rd\u00e9sekre a magyar jogszab\u00e1lyok ir\u00e1nyad\u00f3k, k\u00fcl\u00f6n\u00f6s tekintettel az elektronikus kereskedelmi szolg\u00e1ltat\u00e1sokr\u00f3l \u00e9s az inform\u00e1ci\u00f3s t\u00e1rsadalommal \u00f6sszef\u00fcgg\u0151 egy\u00e9b szolg\u00e1ltat\u00e1sokr\u00f3l sz\u00f3l\u00f3 2001. \u00e9vi CVIII. T\u00f6rv\u00e9ny \u00e9s az inform\u00e1ci\u00f3s szabads\u00e1gr\u00f3l sz\u00f3l\u00f3 2011. \u00e9vi CXII. T\u00f6rv\u00e9ny.<\/p><p>\u00a0<\/p><p>A Felek meg\u00e1llapodnak abban, hogy ha az \u00c1SZFF-ben foglalt rendelkez\u00e9sek \u00e9rv\u00e9nytelennek bizonyulnak, az nem \u00e9rinti a t\u00f6bbi rendelkez\u00e9s \u00e9rv\u00e9nyess\u00e9g\u00e9t.<\/p><p>\u00a0<\/p><p>Egy esetleges jogvita helyileg hol ind\u00edthat\u00f3?<\/p><p>\u00a0<\/p><p>Az SZOLG\u00c1LTAT\u00d3 \/ SHERPA \u00e9s a Megrendel\u0151 k\u00f6z\u00f6tt felmer\u00fcl\u0151 vit\u00e1k rendez\u00e9se \u00e9rdek\u00e9ben a Megrendel\u0151 v\u00e1lasztottb\u00edr\u00f3s\u00e1gi elj\u00e1r\u00e1st ind\u00edthat azzal a c\u00e9llal, hogy a Felek k\u00f6z\u00f6tt kiel\u00e9g\u00edt\u0151 megold\u00e1st tal\u00e1ljon. Az SZOLG\u00c1LTAT\u00d3 hivatalos c\u00edm\u00e9n illet\u00e9kes illet\u00e9kes v\u00e1lasztottb\u00edr\u00f3s\u00e1gi bizotts\u00e1g a k\u00f6vetkez\u0151:<\/p><p>\u00a0<\/p><p>Budapesti B\u00e9k\u00e9ltet\u0151 Test\u00fclet:<\/p><p>C\u00edm: 1016 Budapest, Krisztina krt. 99. 3rd floor 310<\/p><p>Telefon: +36 1 488 2131<\/p><p>Fax: +36 1 488 2186<\/p><p>Email: bekelteto.testulet@bkik.hu<\/p><p>\u00a0<\/p><p>Fogyaszt\u00f3v\u00e9delmi Hat\u00f3s\u00e1g<\/p><p>\u00a0<\/p><p>Amennyiben a fogyaszt\u00f3 fogyaszt\u00f3i jogainak megs\u00e9rt\u00e9s\u00e9t \u00e9szleli, jogosult panasszal fordulni a lak\u00f3helye szerint illet\u00e9kes fogyaszt\u00f3v\u00e9delmi hat\u00f3s\u00e1ghoz. A panasz elb\u00edr\u00e1l\u00e1s\u00e1t k\u00f6vet\u0151en a hat\u00f3s\u00e1g d\u00f6nt a fogyaszt\u00f3v\u00e9delmi elj\u00e1r\u00e1s lefolytat\u00e1s\u00e1r\u00f3l. A fogyaszt\u00f3v\u00e9delmi els\u0151fok\u00fa hat\u00f3s\u00e1gi feladatokat a fogyaszt\u00f3 lak\u00f3helye szerint illet\u00e9kes f\u0151v\u00e1rosi \u00e9s megyei korm\u00e1nyhivatalok l\u00e1tj\u00e1k el, ezek list\u00e1ja itt tal\u00e1lhat\u00f3: http:\/\/www.kormanyhivatal.hu\/<\/p><p>\u00a0<\/p><p>B\u00edr\u00f3s\u00e1gi elj\u00e1r\u00e1s<\/p><p>\u00a0<\/p><p>Megrendel\u0151 jogosult a fogyaszt\u00f3i jogvit\u00e1b\u00f3l sz\u00e1rmaz\u00f3 k\u00f6vetel\u00e9s\u00e9nek b\u00edr\u00f3s\u00e1g el\u0151tti \u00e9rv\u00e9nyes\u00edt\u00e9s\u00e9re polg\u00e1ri elj\u00e1r\u00e1s keret\u00e9ben a Polg\u00e1ri T\u00f6rv\u00e9nyk\u00f6nyvr\u0151l sz\u00f3l\u00f3 2013. \u00e9vi V. t\u00f6rv\u00e9ny, valamint a Polg\u00e1ri Perrendtart\u00e1sr\u00f3l sz\u00f3l\u00f3 2016. \u00e9vi CXXX. t\u00f6rv\u00e9ny rendelkez\u00e9sei szerint.<\/p><p>\u00a0<\/p><p>Vegyes rendelkez\u00e9sek<\/p><p>Mik a kommunik\u00e1ci\u00f3 szab\u00e1lyai?<\/p><p>\u00a0<\/p><p>A Felek k\u00f6z\u00f6tt l\u00e9trej\u00f6tt meg\u00e1llapod\u00e1ssal kapcsolatos b\u00e1rmilyen kommunik\u00e1ci\u00f3t e-mailben kell megtenni. A Felek \u00e1ltal a v\u00e1rhat\u00f3 biztons\u00e1gi el\u0151\u00edr\u00e1soknak megfelel\u0151en t\u00e1rolt elektronikus dokumentumokat \u00e9s inform\u00e1ci\u00f3kat k\u00f6lcs\u00f6n\u00f6sen elfogadj\u00e1k a Felek k\u00f6z\u00f6tti kommunik\u00e1ci\u00f3 \u00e9s a meg\u00e1llapod\u00e1s teljes\u00edt\u00e9s\u00e9nek bizony\u00edt\u00e9kak\u00e9nt.<\/p><p>\u00a0<\/p><p>Mi t\u00f6rt\u00e9nik a szem\u00e9lyes adatokkal?<\/p><p>\u00a0<\/p><p>A Felhaszn\u00e1l\u00f3k \u00e9s a Megrendel\u0151k szem\u00e9lyes adatainak v\u00e9delme rendk\u00edv\u00fcl fontos a SZOLG\u00c1LTAT\u00d3 \/ SHERPA sz\u00e1m\u00e1ra. Az Adatv\u00e9delmi T\u00e1j\u00e9koztat\u00f3 elv\u00e1laszthatatlan r\u00e9sz\u00e9t k\u00e9pezi a Meg\u00e1llapod\u00e1snak \u00e9s a jelen \u00c1SZFF-nek, amely deklar\u00e1lja t\u00f6bbek k\u00f6z\u00f6tt SZOLG\u00c1LTAT\u00d3 \/ SHERPA adatv\u00e9delmi elveit, a Webhely \u00e1ltal kezelt szem\u00e9lyes adatok k\u00f6r\u00e9t, az adatkezel\u00e9s c\u00e9lj\u00e1t \u00e9s az adatfeldolgoz\u00f3k k\u00f6r\u00e9t.<\/p><p>\u00a0<\/p><p>A SZOLG\u00c1LTAT\u00d3 k\u00f6teles a Megrendel\u0151 \u00e1ltal megadott szem\u00e9lyes adatokat a c\u00e9lj\u00e1nak megfelel\u0151en kezelni, r\u00f6gz\u00edteni vagy t\u00e1rolni, kiz\u00e1r\u00f3lag a meg\u00e1llapod\u00e1s teljes\u00edt\u00e9se \u00e9rdek\u00e9ben, \u00e9s sz\u00fcks\u00e9g eset\u00e9n a k\u00e9s\u0151bbiekben al\u00e1t\u00e1maszt\u00f3 bizony\u00edt\u00e9kk\u00e9nt, vagy el\u0151re megadott b\u00e1rmilyen el\u0151re j\u00f3v\u00e1hagyott okb\u00f3l (pl. h\u00edrlevelek).<\/p><p>\u00a0<\/p><p>V\u00e1ltoztat\u00e1sok<\/p><p>\u00a0<\/p><p>A SZOLG\u00c1LTAT\u00d3 saj\u00e1t bel\u00e1t\u00e1sa \u00e9s d\u00f6nt\u00e9se alapj\u00e1n b\u00e1rmikor m\u00f3dos\u00edthatja a jelen \u00c1SZFF-t. Az \u00faj felt\u00e9telek akkor v\u00e1lnak nyilv\u00e1nosan el\u00e9rhet\u0151v\u00e9, amikor a Site-on azokat k\u00f6zz\u00e9teszik, majd ezt k\u00f6vet\u0151en l\u00e9pnek hat\u00e1lyba.<\/p><p>\u00a0<\/p><p>Ha az \u00dcgyf\u00e9l nem fogadja el az \u00c1SZFF-ben szerepl\u0151 b\u00e1rmely m\u00f3dos\u00edt\u00e1st, a PLATFORM-ot nem haszn\u00e1lhatja.<\/p><p>\u00a0<\/p><p>Adatv\u00e9delmi Szab\u00e1lyzat<\/p><p>Adatgy\u0171jt\u00e9s \u00e9s Felhaszn\u00e1l\u00e1s<\/p><p>A mamasherpas.care, amelyet Kinga Recset\u00e1r-Maioli EV kezel, szem\u00e9lyes adatokat gy\u0171jt regisztr\u00e1ci\u00f3, sz\u00e1ml\u00e1z\u00e1s \u00e9s kommunik\u00e1ci\u00f3s c\u00e9lokra. Ezek k\u00f6z\u00e9 tartozik a n\u00e9v, vezet\u00e9kn\u00e9v, e-mail c\u00edm, sz\u00e1ml\u00e1z\u00e1si \u00e9s sz\u00e1ll\u00edt\u00e1si c\u00edm, valamint opcion\u00e1lisan telefonsz\u00e1m. A SZOLG\u00c1LTAT\u00d3-val egy\u00fcttm\u0171k\u00f6d\u00e9si meg\u00e1llapod\u00e1sban \u00e1ll\u00f3 SHERPA-k korl\u00e1tozott m\u00e9rt\u00e9kben, a Term\u00e9k teljes\u00edt\u00e9s\u00e9hez, valamint sz\u00e1ml\u00e1z\u00e1shoz sz\u00fcks\u00e9ges adatokhoz f\u00e9rnek hozz\u00e1 \u00e9s a jelen felt\u00e9telek szerint kezelik.<\/p><p>\u00a0<\/p><p>H\u00edrlevelek<\/p><p>A profil l\u00e9trehoz\u00e1s\u00e1val hozz\u00e1j\u00e1rulsz ahhoz, hogy h\u00edrleveleket kapj e-mailben, amelyeket a MailPoet platform seg\u00edts\u00e9g\u00e9vel kezel\u00fcnk. B\u00e1rmikor leiratkozhatsz az e-mailben tal\u00e1lhat\u00f3 utas\u00edt\u00e1sok vagy direkt kapcsolatfelv\u00e9tel \u00fatj\u00e1n.<\/p><p>\u00a0<\/p><p>Adatv\u00e9delem<\/p><p>Elk\u00f6telezettek vagyunk az adataid v\u00e9delme mellett, \u00e9s adatkezel\u00e9s\u00fcnket a GDPR \u00e9s a magyar jogszab\u00e1lyoknak megfelel\u0151en v\u00e9gezz\u00fck. Az adatv\u00e9delmi jogokra \u00e9s elj\u00e1r\u00e1sokra vonatkoz\u00f3 r\u00e9szletesebb inform\u00e1ci\u00f3k\u00e9rt k\u00e9rlek, olvasd el adatv\u00e9delmi szab\u00e1lyzatunk r\u00e9szletes szakasz\u00e1t.<\/p><p>\u00a0<\/p><p>Az \u00c1ltal\u00e1nos Szerz\u0151d\u00e9si Felt\u00e9telek \u00e9s az Adatv\u00e9delmi Szab\u00e1lyzat V\u00e1ltoz\u00e1sai<\/p><p>Fenntartjuk a jogot ezen felt\u00e9telek \u00e9s adatv\u00e9delmi szab\u00e1lyzat b\u00e1rmikori m\u00f3dos\u00edt\u00e1s\u00e1ra. A v\u00e1ltoz\u00e1sokat weboldalunkon vagy a regisztr\u00e1lt felhaszn\u00e1l\u00f3knak k\u00fcld\u00f6tt e-mailben k\u00f6z\u00f6lj\u00fck.<\/p><p>\u00a0<\/p><p>Kapcsolat<\/p><p>B\u00e1rmilyen k\u00e9rd\u00e9s vagy \u00e9szrev\u00e9tel eset\u00e9n az \u00c1ltal\u00e1nos Szerz\u0151d\u00e9si Felt\u00e9telekkel vagy az Adatv\u00e9delmi Szab\u00e1lyzattal kapcsolatban, k\u00e9rlek, vedd fel vel\u00fcnk a kapcsolatot a <a href=\"mailto:contact@mamasherpas.care\">contact@mamasherpas.care<\/a> e-mail c\u00edmen.<\/p><p>\u00a0<\/p>\t\t\t\t\t\t\t\t<\/div>\n\t\t\t\t<\/div>\n\t\t\t\t\t<\/div>\n\t\t<\/div>\n\t\t\t\t\t<\/div>\n\t\t<\/section>\n\t\t\t\t<\/div>",
        "protected": false
    },
    "excerpt": {
        "rendered": "<p>mamasherpas Terms and Conditions \u00c1ltal\u00e1nos Szerz\u0151d\u00e9si Felt\u00e9telek \u00e9s Adatv\u00e9delmi Szab\u00e1lyzat a mamasherpas.care weboldalhoz \u00c1ltal\u00e1nos Szerz\u0151d\u00e9si Felt\u00e9telek Bevezet\u00e9s Ki a mamasherpas.care (Tov\u00e1bbiakban: platform) tulajdonosa \u00e9s \u00fczemeltet\u0151je? \u00a0 Tulajdonos neve: Kinga Recset\u00e1r-Maioli Kinga EV (Tov\u00e1bbiakban: \u2019SZOLG\u00c1LTAT\u00d3\u2019) C\u00edm: 1094 Budapest, Bokr\u00e9ta utca 20-22. A l\u00e9pcs\u0151h\u00e1z IV\/9. Regisztr\u00e1ci\u00f3s sz\u00e1m: 56099137 Ad\u00f3sz\u00e1m: 57468477-1-43 E-mail: contact@mamasherpas.care \u00a0 Mikor alkalmazand\u00f3k az \u00c1SZFF [&hellip;]<\/p>",
        "protected": false
    },
    "author": 1,
    "featured_media": 0,
    "parent": 0,
    "menu_order": 0,
    "comment_status": "closed",
    "ping_status": "closed",
    "template": "",
    "meta": {
        "ocean_post_layout": "full-screen",
        "ocean_both_sidebars_style": "",
        "ocean_both_sidebars_content_width": 0,
        "ocean_both_sidebars_sidebars_width": 0,
        "ocean_sidebar": "0",
        "ocean_second_sidebar": "0",
        "ocean_disable_margins": "enable",
        "ocean_add_body_class": "",
        "ocean_shortcode_before_top_bar": "",
        "ocean_shortcode_after_top_bar": "",
        "ocean_shortcode_before_header": "",
        "ocean_shortcode_after_header": "",
        "ocean_has_shortcode": "",
        "ocean_shortcode_after_title": "",
        "ocean_shortcode_before_footer_widgets": "",
        "ocean_shortcode_after_footer_widgets": "",
        "ocean_shortcode_before_footer_bottom": "",
        "ocean_shortcode_after_footer_bottom": "",
        "ocean_display_top_bar": "default",
        "ocean_display_header": "default",
        "ocean_header_style": "",
        "ocean_center_header_left_menu": "0",
        "ocean_custom_header_template": "0",
        "ocean_custom_logo": 0,
        "ocean_custom_retina_logo": 0,
        "ocean_custom_logo_max_width": 0,
        "ocean_custom_logo_tablet_max_width": 0,
        "ocean_custom_logo_mobile_max_width": 0,
        "ocean_custom_logo_max_height": 0,
        "ocean_custom_logo_tablet_max_height": 0,
        "ocean_custom_logo_mobile_max_height": 0,
        "ocean_header_custom_menu": "0",
        "ocean_menu_typo_font_family": "0",
        "ocean_menu_typo_font_subset": "",
        "ocean_menu_typo_font_size": 0,
        "ocean_menu_typo_font_size_tablet": 0,
        "ocean_menu_typo_font_size_mobile": 0,
        "ocean_menu_typo_font_size_unit": "px",
        "ocean_menu_typo_font_weight": "",
        "ocean_menu_typo_font_weight_tablet": "",
        "ocean_menu_typo_font_weight_mobile": "",
        "ocean_menu_typo_transform": "",
        "ocean_menu_typo_transform_tablet": "",
        "ocean_menu_typo_transform_mobile": "",
        "ocean_menu_typo_line_height": 0,
        "ocean_menu_typo_line_height_tablet": 0,
        "ocean_menu_typo_line_height_mobile": 0,
        "ocean_menu_typo_line_height_unit": "",
        "ocean_menu_typo_spacing": 0,
        "ocean_menu_typo_spacing_tablet": 0,
        "ocean_menu_typo_spacing_mobile": 0,
        "ocean_menu_typo_spacing_unit": "",
        "ocean_menu_link_color": "",
        "ocean_menu_link_color_hover": "",
        "ocean_menu_link_color_active": "",
        "ocean_menu_link_background": "",
        "ocean_menu_link_hover_background": "",
        "ocean_menu_link_active_background": "",
        "ocean_menu_social_links_bg": "",
        "ocean_menu_social_hover_links_bg": "",
        "ocean_menu_social_links_color": "",
        "ocean_menu_social_hover_links_color": "",
        "ocean_disable_title": "default",
        "ocean_disable_heading": "default",
        "ocean_post_title": "",
        "ocean_post_subheading": "",
        "ocean_post_title_style": "",
        "ocean_post_title_background_color": "",
        "ocean_post_title_background": 0,
        "ocean_post_title_bg_image_position": "",
        "ocean_post_title_bg_image_attachment": "",
        "ocean_post_title_bg_image_repeat": "",
        "ocean_post_title_bg_image_size": "",
        "ocean_post_title_height": 0,
        "ocean_post_title_bg_overlay": 0.5,
        "ocean_post_title_bg_overlay_color": "",
        "ocean_disable_breadcrumbs": "default",
        "ocean_breadcrumbs_color": "",
        "ocean_breadcrumbs_separator_color": "",
        "ocean_breadcrumbs_links_color": "",
        "ocean_breadcrumbs_links_hover_color": "",
        "ocean_display_footer_widgets": "default",
        "ocean_display_footer_bottom": "default",
        "ocean_custom_footer_template": "0",
        "footnotes": ""
    },
    "class_list": [
        "post-3324",
        "page",
        "type-page",
        "status-publish",
        "hentry",
        "entry",
        "owp-thumbs-layout-horizontal",
        "owp-btn-normal",
        "owp-tabs-layout-horizontal",
        "has-no-thumbnails"
    ],
    "_links": {
        "self": [
            {
                "href": "https:\/\/mamasherpas.care\/en\/wp-json\/wp\/v2\/pages\/3324",
                "targetHints": {
                    "allow": [
                        "GET"
                    ]
                }
            }
        ],
        "collection": [
            {
                "href": "https:\/\/mamasherpas.care\/en\/wp-json\/wp\/v2\/pages"
            }
        ],
        "about": [
            {
                "href": "https:\/\/mamasherpas.care\/en\/wp-json\/wp\/v2\/types\/page"
            }
        ],
        "author": [
            {
                "embeddable": true,
                "href": "https:\/\/mamasherpas.care\/en\/wp-json\/wp\/v2\/users\/1"
            }
        ],
        "replies": [
            {
                "embeddable": true,
                "href": "https:\/\/mamasherpas.care\/en\/wp-json\/wp\/v2\/comments?post=3324"
            }
        ],
        "version-history": [
            {
                "count": 8,
                "href": "https:\/\/mamasherpas.care\/en\/wp-json\/wp\/v2\/pages\/3324\/revisions"
            }
        ],
        "predecessor-version": [
            {
                "id": 5410,
                "href": "https:\/\/mamasherpas.care\/en\/wp-json\/wp\/v2\/pages\/3324\/revisions\/5410"
            }
        ],
        "wp:attachment": [
            {
                "href": "https:\/\/mamasherpas.care\/en\/wp-json\/wp\/v2\/media?parent=3324"
            }
        ],
        "curies": [
            {
                "name": "wp",
                "href": "https:\/\/api.w.org\/{rel}",
                "templated": true
            }
        ]
    }
}